{"id":1008,"date":"2014-10-29T23:19:00","date_gmt":"2014-10-29T23:19:00","guid":{"rendered":"http:\/\/fmriachuelo.observatorioess.org.ar\/index.php\/2014\/10\/29\/analisis-sobre-el-triunfo-del-pt-en-brasil\/"},"modified":"2025-03-07T14:42:48","modified_gmt":"2025-03-07T17:42:48","slug":"analisis-sobre-el-triunfo-del-pt-en-brasil","status":"publish","type":"post","link":"http:\/\/fmriachuelo.it10.com.ar\/index.php\/2014\/10\/29\/analisis-sobre-el-triunfo-del-pt-en-brasil\/","title":{"rendered":"AN\u00c1LISIS SOBRE EL TRIUNFO DEL PT EN BRASIL"},"content":{"rendered":"<div style=\"text-align: justify\"><span style=\"font-family: Verdana,sans-serif\"><span style=\"font-size: small\">BRASIL<\/span><\/span><\/div>\n<div style=\"text-align: justify\"><span style=\"font-family: Verdana,sans-serif\"><span style=\"font-size: small\"><b><span style=\"color: red\"><span style=\"font-size: large\">DILMA: UNA VICTORIA DE LA IZQUIERDA <\/span><\/span><\/b><\/span><\/span><\/div>\n<div style=\"text-align: justify\"><i><span style=\"font-family: Verdana,sans-serif\"><span style=\"font-size: small\"><a href=\"http:\/\/alainet.org\/active\/show_author.phtml?autor_apellido=Sader&amp;autor_nombre=Emir\">Emir Sader<\/a><\/span><\/span><\/i> <\/div>\n<div style=\"text-align: justify\"><span style=\"font-family: Verdana,sans-serif\"><span style=\"font-size: small\">La reiteraci\u00f3n de la polarizaci\u00f3n entre petistas y tucanos en la segunda vuelta de la elecci\u00f3n brasile\u00f1a refuerza la centralidad de la polarizaci\u00f3n entre neoliberalismo y posneoliberalismo en el campo pol\u00edtico brasile\u00f1o, al igual que en los otros pa\u00edses de Am\u00e9rica Latina. El enfrentamiento de programas y de las fuerzas en cada campo, reitera de forma ineludible la polarizaci\u00f3n entre derecha e izquierda en la forma que \u00e9sta asume en la era neoliberal.<\/span><\/span><br \/><a name='more'><\/a><span style=\"font-family: Verdana,sans-serif\"><span style=\"font-size: small\">Especialmente por la claridad de la disputa en la segunda vuelta, sumada a la gran movilizaci\u00f3n de la militancia del PT y de los otros partidos de izquierda (incluido el principal partido de la izquierda radical, el PSOL), de todos los movimientos sociales, culturales y populares, as\u00ed como de los medios de comunicaci\u00f3n alternativos, permiti\u00f3 retratar lo que es hoy la izquierda brasile\u00f1a. El liderazgo incuestionable de Lula fue decisivo en la recta final de la campa\u00f1a, as\u00ed como un gran protagonismo de Dilma, haciendo que los dos salgan de la disputa como los dos grandes l\u00edderes populares de Brasil en la actualidad. <br \/>La monstruosidad de la campa\u00f1a, interna e internacional, para intentar ganar las elecciones y cambiar los rumbos de la pol\u00edtica brasile\u00f1a, incluido su rol en los procesos de integraci\u00f3n latinoamericana y del Sur del mundo, da el tama\u00f1o de lo que estaba en juego en las elecciones.  La derecha brasile\u00f1a, latinoamericana y mundial se excitaron con la posibilidad de cambiar la pol\u00edtica econ\u00f3mica, de adue\u00f1arse de los gigantescos recursos del Pre-sal, de debilitar al Mercosur, a Unasur, a Celac y, muy especialmente, a los Brics, cuyos \u00faltimos acuerdos incomodan profundamente a Estados Unidos y a sus aliados. <br \/>La defensa de la continuidad del modelo de desarrollo econ\u00f3mico con distribuci\u00f3n de renta, de la explotaci\u00f3n del Pre-sal por Petrobras, con recursos destinados a la educaci\u00f3n y a la salud, de la reforma pol\u00edtica que termine con los financiamientos empresariales a las campa\u00f1as pol\u00edticas, la democratizaci\u00f3n de los medios de comunicaci\u00f3n, han dado el tono de izquierda de la campa\u00f1a electoral de Dilma. A\u00fan m\u00e1s cuando ha representado la resistencia a las propuestas de rebaja de los salarios, de alza del desempleo y de reducci\u00f3n dr\u00e1stica de los bancos p\u00fablicos, como formas de reactivar la econom\u00eda, con todas las concesiones al gran capital privado. Adem\u00e1s del debilitamiento del rol de Brasil en los procesos de integraci\u00f3n, de recuperaci\u00f3n del acercamiento estrat\u00e9gico con Estados Unidos, de entrega de la explotaci\u00f3n del Pre-sal a empresas privadas internacionales y de salida de Brasil de los Brics. <br \/>Por ello la victoria de Dilma \u2013que es, a la vez, una victoria de Lula y del PT\u2013 es una victoria de la izquierda, brasile\u00f1a y latinoamericana. Que, adem\u00e1s de evitar los cambios internos e internacionales en la pol\u00edtica brasile\u00f1a propuestos por la oposici\u00f3n, tendr\u00e1, entre otras responsabilidades, participar activamente del relanzamiento de Unasur, ahora bajo la Secretaria General del ex-presidente colombiano Ernesto Samper, as\u00ed como de la concreci\u00f3n de los estrat\u00e9gicos acuerdos firmados por los Brics en Fortaleza, en julio de este a\u00f1o. <br \/>No por casualidad la apretada victoria de Dilma fue inmediatamente saludada por los presidentes de la regi\u00f3n \u2013 antes de todo por Cristina, as\u00ed como por Rafael Correa, Evo Morales, Pepe Mujica, Nicol\u00e1s Maduro, entre otros. Saben que es una victoria de la corriente de la que todos ellos hacen parte.<\/span><\/span><\/div>\n<div style=\"text-align: justify\"><span style=\"font-family: Verdana,sans-serif\"><span style=\"font-size: small\"><span style=\"font-size: x-small\">Emir Sader, soci\u00f3logo y cientista pol\u00edtico brasile\u00f1o, es coordinador del Laborat\u00f3rio de Pol\u00edticas P\u00fablicas de la Universidade Estadual do Rio de Janeiro (Uerj).<\/span><br \/><span style=\"color: #3d85c6\"><span style=\"font-size: x-small\"><b>FUENTE: ALAINET.ORG<\/b><\/span><\/span><\/span><\/span><\/div>\n","protected":false},"excerpt":{"rendered":"<p>BRASIL DILMA: UNA VICTORIA DE LA IZQUIERDA Emir Sader La reiteraci\u00f3n de la polarizaci\u00f3n entre petistas y tucanos en la segunda vuelta de la elecci\u00f3n brasile\u00f1a refuerza la centralidad de la polarizaci\u00f3n entre neoliberalismo y posneoliberalismo en el campo pol\u00edtico brasile\u00f1o, al igual que en los otros pa\u00edses de Am\u00e9rica Latina. El enfrentamiento de programas [&hellip;]<\/p>\n","protected":false},"author":4,"featured_media":0,"comment_status":"open","ping_status":"open","sticky":false,"template":"","format":"standard","meta":{"_monsterinsights_skip_tracking":false,"_monsterinsights_sitenote_active":false,"_monsterinsights_sitenote_note":"","_monsterinsights_sitenote_category":0,"jnews-multi-image_gallery":[],"jnews_single_post":{"format":"standard"},"jnews_primary_category":[],"_joinchat":[],"footnotes":""},"categories":[58],"tags":[70],"class_list":["post-1008","post","type-post","status-publish","format-standard","hentry","category-noticiariachuelo","tag-de-la-patria-grande"],"_links":{"self":[{"href":"http:\/\/fmriachuelo.it10.com.ar\/index.php\/wp-json\/wp\/v2\/posts\/1008","targetHints":{"allow":["GET"]}}],"collection":[{"href":"http:\/\/fmriachuelo.it10.com.ar\/index.php\/wp-json\/wp\/v2\/posts"}],"about":[{"href":"http:\/\/fmriachuelo.it10.com.ar\/index.php\/wp-json\/wp\/v2\/types\/post"}],"author":[{"embeddable":true,"href":"http:\/\/fmriachuelo.it10.com.ar\/index.php\/wp-json\/wp\/v2\/users\/4"}],"replies":[{"embeddable":true,"href":"http:\/\/fmriachuelo.it10.com.ar\/index.php\/wp-json\/wp\/v2\/comments?post=1008"}],"version-history":[{"count":1,"href":"http:\/\/fmriachuelo.it10.com.ar\/index.php\/wp-json\/wp\/v2\/posts\/1008\/revisions"}],"predecessor-version":[{"id":21891,"href":"http:\/\/fmriachuelo.it10.com.ar\/index.php\/wp-json\/wp\/v2\/posts\/1008\/revisions\/21891"}],"wp:attachment":[{"href":"http:\/\/fmriachuelo.it10.com.ar\/index.php\/wp-json\/wp\/v2\/media?parent=1008"}],"wp:term":[{"taxonomy":"category","embeddable":true,"href":"http:\/\/fmriachuelo.it10.com.ar\/index.php\/wp-json\/wp\/v2\/categories?post=1008"},{"taxonomy":"post_tag","embeddable":true,"href":"http:\/\/fmriachuelo.it10.com.ar\/index.php\/wp-json\/wp\/v2\/tags?post=1008"}],"curies":[{"name":"wp","href":"https:\/\/api.w.org\/{rel}","templated":true}]}}