{"id":10076,"date":"2019-06-07T02:33:44","date_gmt":"2019-06-07T02:33:44","guid":{"rendered":"http:\/\/fmriachuelo.com.ar\/?p=10076"},"modified":"2019-06-07T02:33:44","modified_gmt":"2019-06-07T02:33:44","slug":"jornada-de-lucha-en-sipreba","status":"publish","type":"post","link":"http:\/\/fmriachuelo.it10.com.ar\/index.php\/2019\/06\/07\/jornada-de-lucha-en-sipreba\/","title":{"rendered":"JORNADA DE LUCHA EN SIPREBA"},"content":{"rendered":"<p><strong>[FM RIACHUELO 06\/06\/2019] Hoy al mediod\u00eda,\u00a0 el Sindicato de Prensa de Buenos Aires (SiPreBA) realiz\u00f3 en las puertas de la C\u00e1mara Empresarial, donde funciona la Asociaci\u00f3n de Entidades Period\u00edsticas Argentinas, en Chacabuco y Diagonal Sur, una jornada de lucha con olla popular y la presencia de distintos medios comunitarios y Organizaciones Sociales.<\/strong><\/p>\n<p>Se eligi\u00f3 esta fecha ya que ma\u00f1ana es el D\u00eda del Periodista, en honor a Mariano Moreno que fund\u00f3 el \u00a07 de junio de 1810 la \u201cGaceta de Buenos Aires\u201d, primer peri\u00f3dico de la etapa independentista de Argentina. Con esta excusa y en el marco de un gobierno liberal, SiPreBA convoc\u00f3 a esta jornada en defensa de les trabajadores de prensa.<\/p>\n<p>Durante la cobertura de la FM Riachuelo conversamos con Carla Gaudensi, delegada gremial de TELAM, quien dijo <strong>\u201cson muchas las fuentes de trabajo que se han perdido con este gobierno, por eso esta actividad no s\u00f3lo tiene que ver con la defensa de la comunicaci\u00f3n, sino tambi\u00e9n de los puestos de trabajo\u201d<\/strong>.<\/p>\n<p>Se realiz\u00f3 un noticiero en la calle, la proyecci\u00f3n en pantalla de distintos testimonios de trabajadores de medios comunitarios, populares y autogestivos, adem\u00e1s de un especial homenaje a los compa\u00f1eros Diego Paruelo y Rub\u00e9n Schofrin, fallecidos este a\u00f1o.<\/p>\n<p>La olla popular apareci\u00f3 cerca de las dos de la tarde invitando a las organizaciones presentes pero tambi\u00e9n a les vecines de la Ciudad que por all\u00ed pasaban y permiti\u00f3 una reflexi\u00f3n sobre la situaci\u00f3n de hambre y crisis econ\u00f3mica.<\/p>\n<p>Al respecto se expres\u00f3 Hugo \u201cCachorro\u201d Godoy, de ATE Nacional, quien tambi\u00e9n acompa\u00f1\u00f3 la convocatoria: <strong>\u201cla lucha de los trabajadores por sus derechos atraviesa a todos los sectores. Es importante alentar la construcci\u00f3n de medios propios de los sectores populares, frente a un Estado que est\u00e1 al servicio de las empresas transnacionales, la \u00fanica manera de superar eso es construyendo poder propio de las Organizaciones Sociales\u201d<\/strong>.<\/p>\n<p>Tom\u00e1s Eliaschev, Secretario de Derechos Humanos de SiPreBA tambi\u00e9n aport\u00f3 a la hora de caracterizar el rol de los medios de comunicaci\u00f3n en escenarios de crisis como los que nos toca vivir actualmente: <strong>\u201cen momentos de tanta crisis los medios pueden cumplir dos roles: o ser c\u00f3mplices de las injusticias, de la pauperizaci\u00f3n y de la represi\u00f3n, o pueden cumplir un rol liberador para denunciar, para dar a conocer, para que se escuche la voz de quienes sufren esas injusticias. Es claro que no existe el periodismo independiente, todo periodismo es militante\u201d<\/strong>.<\/p>\n<p><img loading=\"lazy\" decoding=\"async\" class=\"wp-image-10078 alignleft\" src=\"http:\/\/fmriachuelo.com.ar\/wp-content\/uploads\/2019\/06\/1-2-245x300.jpg\" alt=\"\" width=\"346\" height=\"423\" \/><\/p>\n<p>En la conversaci\u00f3n con Eliaschev surgi\u00f3 el tema de su participaci\u00f3n en la movilizaci\u00f3n a Canal 13 en diciembre del a\u00f1o pasado para reclamar un lugar en la grilla de cableoperadores para la televisora comunitaria Barricada TV. Por este tema, el Secretario de DDHH de SIPreBA, junto a otros comunicadores populares y referentes sociales, est\u00e1 imputado en una causa contravencional y al respecto se\u00f1al\u00f3: <strong>\u201csin medios comunitarios, donde la comunicaci\u00f3n no es mercanc\u00eda sino un derecho humano que se garantiza gracias a la organizaci\u00f3n comunitaria, no podemos dar a conocer nuestra voz. Estas causas son una forma de distraernos y mantenernos ocupados en otras cosas en lugar de discutir sobre la ampliaci\u00f3n de voces\u201d<\/strong>.<\/p>\n<p>Luego de la olla, se continu\u00f3 con el noticiero y se invit\u00f3 a integrantes de las organizaciones presentes a expresar su solidaridad con la lucha de les trabajadores de prensa.<\/p>\n","protected":false},"excerpt":{"rendered":"<p>[FM RIACHUELO 06\/06\/2019] Hoy al mediod\u00eda,\u00a0 el Sindicato de Prensa de Buenos Aires (SiPreBA) realiz\u00f3 en las puertas de la C\u00e1mara Empresarial, donde funciona la Asociaci\u00f3n de Entidades Period\u00edsticas Argentinas, en Chacabuco y Diagonal Sur, una jornada de lucha con olla popular y la presencia de distintos medios comunitarios y Organizaciones Sociales. Se eligi\u00f3 esta [&hellip;]<\/p>\n","protected":false},"author":5,"featured_media":10077,"comment_status":"open","ping_status":"open","sticky":false,"template":"","format":"standard","meta":{"_monsterinsights_skip_tracking":false,"_monsterinsights_sitenote_active":false,"_monsterinsights_sitenote_note":"","_monsterinsights_sitenote_category":0,"jnews-multi-image_gallery":[],"jnews_single_post":[],"jnews_primary_category":[],"_joinchat":[],"footnotes":""},"categories":[78,76],"tags":[],"class_list":["post-10076","post","type-post","status-publish","format-standard","has-post-thumbnail","hentry","category-economia-popular","category-salud-comunitaria"],"_links":{"self":[{"href":"http:\/\/fmriachuelo.it10.com.ar\/index.php\/wp-json\/wp\/v2\/posts\/10076","targetHints":{"allow":["GET"]}}],"collection":[{"href":"http:\/\/fmriachuelo.it10.com.ar\/index.php\/wp-json\/wp\/v2\/posts"}],"about":[{"href":"http:\/\/fmriachuelo.it10.com.ar\/index.php\/wp-json\/wp\/v2\/types\/post"}],"author":[{"embeddable":true,"href":"http:\/\/fmriachuelo.it10.com.ar\/index.php\/wp-json\/wp\/v2\/users\/5"}],"replies":[{"embeddable":true,"href":"http:\/\/fmriachuelo.it10.com.ar\/index.php\/wp-json\/wp\/v2\/comments?post=10076"}],"version-history":[{"count":0,"href":"http:\/\/fmriachuelo.it10.com.ar\/index.php\/wp-json\/wp\/v2\/posts\/10076\/revisions"}],"wp:featuredmedia":[{"embeddable":true,"href":"http:\/\/fmriachuelo.it10.com.ar\/index.php\/wp-json\/"}],"wp:attachment":[{"href":"http:\/\/fmriachuelo.it10.com.ar\/index.php\/wp-json\/wp\/v2\/media?parent=10076"}],"wp:term":[{"taxonomy":"category","embeddable":true,"href":"http:\/\/fmriachuelo.it10.com.ar\/index.php\/wp-json\/wp\/v2\/categories?post=10076"},{"taxonomy":"post_tag","embeddable":true,"href":"http:\/\/fmriachuelo.it10.com.ar\/index.php\/wp-json\/wp\/v2\/tags?post=10076"}],"curies":[{"name":"wp","href":"https:\/\/api.w.org\/{rel}","templated":true}]}}