{"id":1006,"date":"2014-10-30T09:30:00","date_gmt":"2014-10-30T09:30:00","guid":{"rendered":"http:\/\/fmriachuelo.observatorioess.org.ar\/index.php\/2014\/10\/30\/profundizar-el-proceso-de-cambio-desde-los-movimientos-sociales\/"},"modified":"2025-03-07T14:58:43","modified_gmt":"2025-03-07T17:58:43","slug":"profundizar-el-proceso-de-cambio-desde-los-movimientos-sociales","status":"publish","type":"post","link":"http:\/\/fmriachuelo.it10.com.ar\/index.php\/2014\/10\/30\/profundizar-el-proceso-de-cambio-desde-los-movimientos-sociales\/","title":{"rendered":"PROFUNDIZAR EL PROCESO DE CAMBIO DESDE LOS MOVIMIENTOS SOCIALES"},"content":{"rendered":"<p><span style=\"font-size: small\"><span style=\"font-family: Verdana,sans-serif\"><span style=\"font-size: large\"><span style=\"color: red\"><b>PARA LEER Y DEBATIR<\/b><\/span><\/span><br \/><span style=\"font-size: small\"><i>Alfredo Rada<\/i><\/span><\/span><\/span><br \/><a href=\"http:\/\/4.bp.blogspot.com\/-SEvosFFxJes\/VFHQOq8febI\/AAAAAAAABME\/KFjOmQnzYpg\/s1600\/vice_rada.jpg\" style=\"clear: left;float: left;margin-bottom: 1em;margin-right: 1em\"><img loading=\"lazy\" decoding=\"async\" border=\"0\" src=\"http:\/\/4.bp.blogspot.com\/-SEvosFFxJes\/VFHQOq8febI\/AAAAAAAABME\/KFjOmQnzYpg\/s1600\/vice_rada.jpg\" height=\"201\" width=\"320\" \/><\/a><span style=\"font-size: small\"><span style=\"font-family: Verdana,sans-serif\"><b>\u00bfHay procesos revolucionarios que no tengan contradicciones internas? Por supuesto que no, ni antes ni ahora, ni aqu\u00ed ni en ninguna parte del mundo. <\/b>Precisamente la acci\u00f3n pol\u00edtica transformadora consiste en comprender los aspectos contradictorios (por tanto dial\u00e9cticos) de la realidad hist\u00f3rica-concreta para seguir transform\u00e1ndola. Quien busque procesos unidireccionales en lo pol\u00edtico y homog\u00e9neos en lo ideol\u00f3gico, caer\u00e1 inevitablemente en la decepci\u00f3n y el escepticismo, corto pre\u00e1mbulo hacia el derrotismo y la capitulaci\u00f3n.<\/span><\/span><br \/><a name='more'><\/a><span style=\"font-size: small\"><span style=\"font-family: Verdana,sans-serif\">Hace tres a\u00f1os el cuadro de situaci\u00f3n era preocupante. La Central Obrera Boliviana (COB) se hab\u00eda distanciado del Gobierno a ra\u00edz del \u00abgasolinazo\u00bb del 2010. Esta ruptura con los sindicatos -a la que despu\u00e9s se sum\u00f3 otro quiebre con los ind\u00edgenas amaz\u00f3nicos por el conflicto del TIPNIS- debilit\u00f3 al Bloque Social Revolucionario conformado por los movimientos sociales ind\u00edgenas, obreros y populares que, entre los a\u00f1os 2006 al 2009, impuls\u00f3 y respald\u00f3 las m\u00e1s importantes medidas de cambio estructural tomadas durante ese per\u00edodo: en lo econ\u00f3mico la nacionalizaci\u00f3n de los hidrocarburos, en lo pol\u00edtico la fundaci\u00f3n del Estado Plurinacional, comunitario y auton\u00f3mico. <br \/> Hab\u00eda que reconstituir ese bloque para recuperar el impulso revolucionario; era un objetivo de la mayor importancia que s\u00f3lo pudo cumplirse una vez derrotada la l\u00ednea de ultraizquierda en la conducci\u00f3n cobista que llev\u00f3 a la confrontaci\u00f3n por la Ley de Pensiones en mayo del a\u00f1o pasado. <br \/>\u00a1Cu\u00e1nto han cambiado las cosas desde ese momento! La autocr\u00edtica gubernamental preserv\u00f3 la naturaleza del gobierno de Evo como un Gobierno de los movimientos sociales. La autocr\u00edtica sindical permiti\u00f3 la reinserci\u00f3n proletaria en el proceso para profundizarlo, propugnando la aplicaci\u00f3n de una agenda program\u00e1tica revolucionaria. <br \/> Luego se dieron las cosas como en cascada. El reencuentro de la COB con el Gobierno reforz\u00f3 a la Coordinadora Nacional por el Cambio (CONALCAM), que incorpora en su seno, adem\u00e1s de los sectores sindicalizados, a sectores que responden a otras l\u00f3gicas organizativas como las autoridades originarias de pueblos ind\u00edgenas, las juntas vecinales y juntas escolares urbanas, los microempresarios y cooperativistas. La convocatoria conjunta de la COB y CONALCAM posibilit\u00f3 que el proceso vuelva a tener fuerza social movilizada en las calles: recordemos la masiva concurrencia a la marcha del 1 de mayo del 2014 convocada por la COB en la ciudad de La Paz, o la multitud que colm\u00f3 el Estadio Tahuichi Aguilera en la ciudad de Santa Cruz en la apertura de la Cumbre del G77 + China, en lo que fue una in\u00e9dita acci\u00f3n de masas en tierras orientales. <br \/> El gobierno de Evo tambi\u00e9n se ha fortalecido, al expandir su base social de respaldo entre los trabajadores lo que impact\u00f3 positivamente en todo el campo popular. Estos desplazamientos han reavivado el debate ideol\u00f3gico y program\u00e1tico-estrat\u00e9gico, traducido en una pregunta: \u00bfhacia d\u00f3nde va el proceso de cambio? <br \/> Encandilados por el buen momento econ\u00f3mico que vive el pa\u00eds, hay quienes postulan que se trata de administrar la estabilidad y el crecimiento, ampliar nuestra base productiva con mayores flujos de inversi\u00f3n interna y externa, y fortalecer la redistribuci\u00f3n del excedente. Esto, que no es malo en s\u00ed mismo, constituye el n\u00facleo de pensamiento del progresismo socialdem\u00f3crata, cuya arista no revolucionaria radica en que va dejando de lado, hasta abandonar por completo, cualquier programa de superaci\u00f3n del sistema capitalista, y termina asumiendo como propia la enga\u00f1osa ficci\u00f3n de que estabilidad, crecimiento, inversi\u00f3n, mayor producci\u00f3n y hasta redistribuci\u00f3n se pueden alcanzar bajo este sistema, eso s\u00ed d\u00e1ndole un aire m\u00e1s end\u00f3geno y regulando sus aspectos injustos. El progresismo en econom\u00eda con frecuencia va de la mano con el pragmatismo en pol\u00edtica; as\u00ed por ejemplo la presencia de algunos invitados con trayectoria de derecha en las listas electorales ser\u00e1 presentada como un \u00abacto de inclusi\u00f3n\u00bb y no como una preocupante concesi\u00f3n ideol\u00f3gica. <br \/> Pero el recuperado protagonismo obrero y de los movimientos sociales inevitablemente va a fortalecer otras tendencias ideol\u00f3gicas dentro del proceso de cambio. Una muestra ya se vio en el \u00abEncuentro Sindical Internacional Antiimperialista\u00bb realizado en la ciudad de Cochabamba hace tres semanas. Este evento, convocado por la Federaci\u00f3n Sindical Mundial (FSM) y la Central Obrera <br \/>Boliviana (COB) con la adhesi\u00f3n del Gobierno de Bolivia, reuni\u00f3 a m\u00e1s de 1200 delegados de organizaciones sociales de todos los departamentos del pa\u00eds, as\u00ed como a un centenar de representantes sindicales llegados de casi toda Latinoam\u00e9rica, de Africa, Asia y Europa. El Encuentro aprob\u00f3 una Tesis Pol\u00edtica en la que se puede leer lo siguiente: \u00abSin abandonar la lucha en defensa de las condiciones materiales, los trabajadores debemos intervenir en la vida pol\u00edtica del pa\u00eds en nuestra condici\u00f3n de vanguardia revolucionaria. Vanguardia que en el caso de Bolivia y otros pa\u00edses se complementa con el proyecto pol\u00edtico de las naciones y pueblos ind\u00edgenas originarios y campesinos, que fusionan la lucha sindical con lo comunitario bajo un horizonte de Socialismo Comunitario\u00bb. <br \/> Aqu\u00ed est\u00e1 el presente vigoroso y el futuro esperanzador del proceso boliviano; en estos planteamientos que defienden lo hasta aqu\u00ed logrado (que no es poco) y buscan la profundizaci\u00f3n de los cambios con su propia acci\u00f3n pol\u00edtica desde los movimientos sociales. Pero el discurso de profundizaci\u00f3n del proceso, si quiere ganar mayor vitalidad, debe estar acompa\u00f1ado de propuestas program\u00e1ticas que apunten al mayor fortalecimiento del Estado con nuevas nacionalizaciones en sectores estrat\u00e9gicos de la econom\u00eda y nuevas industrias en petroqu\u00edmica, siderurgia, metalurgia y de alimentos procesados, a la transformaci\u00f3n de las relaciones capitalistas de producci\u00f3n en las empresas p\u00fablicas, al potenciamiento del sector social y comunitario de la econom\u00eda a trav\u00e9s de <br \/>proyectos productivos de car\u00e1cter asociativo y que generen empleo, a la revoluci\u00f3n agraria que erradique las nuevas formas de latifundio y extranjerizaci\u00f3n de la propiedad de la tierra surgidas en los \u00faltimos a\u00f1os, a la soberan\u00eda alimentaria evitando las nuevas formas de monocultivo tanto en el <br \/>oriente (soya) como en el occidente (quinua) del pa\u00eds, a la defensa de la Madre Tierra tanto de la contaminaci\u00f3n minera como del severo impacto del consumo irracional de recursos naturales en las ciudades. <br \/> Si los movimientos sociales mantienen la iniciativa pol\u00edtico-program\u00e1tica se convertir\u00e1n en el principal factor de gobernabilidad democr\u00e1tica en el mediano plazo, un factor imprescindible para la gesti\u00f3n del proceso. <br \/> Hoy que estamos ante la probabilidad de un nuevo triunfo de Evo Morales contra una derecha que sigue buscando la br\u00fajula, nuestra mirada debe ir m\u00e1s all\u00e1 del c\u00e1lculo electoralista. Hoy es el momento de cohesionar a los\/as revolucionarios\/as en torno a ideas claras, organizarlos en estrecha relaci\u00f3n con los movimientos sociales y fortaleciendo al Movimiento al Socialismo (MAS) <br \/>en tanto instrumento pol\u00edtico de esos movimientos.<\/span><\/span><br \/><span style=\"color: #3d85c6\"><b>FUENTE: <\/span><span style=\"font-family: Verdana,sans-serif;font-size: x-small\"><span style=\"font-family: Verdana,sans-serif\">www.rebelion.org<\/span> <\/span><\/b><\/span><\/p>\n","protected":false},"excerpt":{"rendered":"<p>PARA LEER Y DEBATIRAlfredo Rada\u00bfHay procesos revolucionarios que no tengan contradicciones internas? Por supuesto que no, ni antes ni ahora, ni aqu\u00ed ni en ninguna parte del mundo. Precisamente la acci\u00f3n pol\u00edtica transformadora consiste en comprender los aspectos contradictorios (por tanto dial\u00e9cticos) de la realidad hist\u00f3rica-concreta para seguir transform\u00e1ndola. Quien busque procesos unidireccionales en lo [&hellip;]<\/p>\n","protected":false},"author":4,"featured_media":0,"comment_status":"open","ping_status":"open","sticky":false,"template":"","format":"standard","meta":{"_monsterinsights_skip_tracking":false,"_monsterinsights_sitenote_active":false,"_monsterinsights_sitenote_note":"","_monsterinsights_sitenote_category":0,"jnews-multi-image_gallery":[],"jnews_single_post":{"format":"standard"},"jnews_primary_category":[],"_joinchat":[],"footnotes":""},"categories":[60],"tags":[70],"class_list":["post-1006","post","type-post","status-publish","format-standard","hentry","category-mirada-riachuelo","tag-de-la-patria-grande"],"_links":{"self":[{"href":"http:\/\/fmriachuelo.it10.com.ar\/index.php\/wp-json\/wp\/v2\/posts\/1006","targetHints":{"allow":["GET"]}}],"collection":[{"href":"http:\/\/fmriachuelo.it10.com.ar\/index.php\/wp-json\/wp\/v2\/posts"}],"about":[{"href":"http:\/\/fmriachuelo.it10.com.ar\/index.php\/wp-json\/wp\/v2\/types\/post"}],"author":[{"embeddable":true,"href":"http:\/\/fmriachuelo.it10.com.ar\/index.php\/wp-json\/wp\/v2\/users\/4"}],"replies":[{"embeddable":true,"href":"http:\/\/fmriachuelo.it10.com.ar\/index.php\/wp-json\/wp\/v2\/comments?post=1006"}],"version-history":[{"count":1,"href":"http:\/\/fmriachuelo.it10.com.ar\/index.php\/wp-json\/wp\/v2\/posts\/1006\/revisions"}],"predecessor-version":[{"id":21893,"href":"http:\/\/fmriachuelo.it10.com.ar\/index.php\/wp-json\/wp\/v2\/posts\/1006\/revisions\/21893"}],"wp:attachment":[{"href":"http:\/\/fmriachuelo.it10.com.ar\/index.php\/wp-json\/wp\/v2\/media?parent=1006"}],"wp:term":[{"taxonomy":"category","embeddable":true,"href":"http:\/\/fmriachuelo.it10.com.ar\/index.php\/wp-json\/wp\/v2\/categories?post=1006"},{"taxonomy":"post_tag","embeddable":true,"href":"http:\/\/fmriachuelo.it10.com.ar\/index.php\/wp-json\/wp\/v2\/tags?post=1006"}],"curies":[{"name":"wp","href":"https:\/\/api.w.org\/{rel}","templated":true}]}}