{"id":1005,"date":"2014-10-30T15:22:00","date_gmt":"2014-10-30T15:22:00","guid":{"rendered":"http:\/\/fmriachuelo.observatorioess.org.ar\/index.php\/2014\/10\/30\/el-ministro-bullrich-y-el-gasto-de-la-educacion\/"},"modified":"2025-03-07T14:59:36","modified_gmt":"2025-03-07T17:59:36","slug":"el-ministro-bullrich-y-el-gasto-de-la-educacion","status":"publish","type":"post","link":"http:\/\/fmriachuelo.it10.com.ar\/index.php\/2014\/10\/30\/el-ministro-bullrich-y-el-gasto-de-la-educacion\/","title":{"rendered":"EL MINISTRO BULLRICH Y EL \u00abGASTO\u00bb DE LA EDUCACI\u00d3N"},"content":{"rendered":"<p><span style=\"font-size: large\"><span style=\"font-family: Verdana,sans-serif\"><span style=\"color: red\"><b>NUEVOS RECORTES AL PRESUPUESTO<span style=\"font-size: large\"> <\/span>DE LA CIUDAD<\/b><\/span><\/span><\/span> <br \/><span style=\"font-size: small\"><span style=\"font-family: Verdana,sans-serif\"><b>Esteban Bullrich, fue a defender el Presupuesto de la Ciudad. La oposici\u00f3n se\u00f1al\u00f3 que se construyen menos escuelas de las necesarias, se recortan las becas y no alcanzar\u00e1n las vacantes. El ministro reconoci\u00f3 errores en el sistema de inscripci\u00f3n on line. El presupuesto que en 2005 fue de 27,57% bajo a 20,57%. Adem\u00e1s faltan 7200 vacantes en el nivel inicial. A esto se le agregan los 6400 chicos y chicas de los centros de primera infancia que no est\u00e1n dentro del sistema educativo formal.<\/b><\/span><\/span><br \/><a name='more'><\/a><span style=\"font-size: small\"><span style=\"font-family: Verdana,sans-serif\">El ministro de Educaci\u00f3n porte\u00f1o, Esteban Bullrich, concurri\u00f3 a la Legislatura a defender un presupuesto educativo que gremios docentes, ONG y opositores consideraron a la baja, con recortes en la construcci\u00f3n de escuelas y en las becas estudiantiles. El funcionario PRO prometi\u00f3 nueve escuelas en el sur de la Ciudad (no aclar\u00f3 cu\u00e1ntas ser\u00e1n escuelas container). \u201cEn el sistema de inscripci\u00f3n en l\u00ednea reconozco errores, hab\u00eda zonas grises\u201d, admiti\u00f3 Bullrich sobre el desastre de la inscripci\u00f3n el a\u00f1o pasado. El gremio UTE-Ctera le se\u00f1al\u00f3 que para 2015 s\u00f3lo contempla 900 vacantes de las 9000 que se necesitan para la educaci\u00f3n inicial.<br \/>Seg\u00fan un estudio del equipo de An\u00edbal Ibarra, el presupuesto educativo viene perdiendo participaci\u00f3n en el total del Presupuesto. En 2005, la inversi\u00f3n educativa era del 27,57 por ciento del total, pero luego comienza un brusco descenso: en 2012 fue del 26,03 por ciento; en 2013, del 22,78; este a\u00f1o, del 21,03 y para 2015 se prev\u00e9 que sea el 20,57 por ciento. El gremio UTE-Ctera reclama que se aumente hasta el 30 por ciento.<br \/>\u201cEl Gobierno de la Ciudad ha sextuplicado el salario docente; un maestro de jornada simple sin antig\u00fcedad ganaba en 2007 1040 pesos y hoy gana 6125\u201d, afirm\u00f3 Bullrich en su paso por la Comisi\u00f3n de Presupuesto. \u201cEsta gesti\u00f3n ha invertido m\u00e1s de 2432 millones de pesos en infraestructura escolar, que nos permiti\u00f3 construir 49 escuelas, de las cuales 30 se encuentran en la zona sur de la ciudad\u201d, asegur\u00f3 Bullrich. De esas 50 escuelas, la Multisectorial por la Educaci\u00f3n P\u00fablica indic\u00f3 que 3 no existen, 7 las hizo el Estado nacional y otras 14 vienen de gestiones anteriores. S\u00f3lo 3 de las relevadas funcionaban sin problemas.<br \/>Para 2015, un an\u00e1lisis de la Asociaci\u00f3n Civil por la Igualdad y la Justicia (ACIJ) marca la cantidad insuficiente de dinero para la construcci\u00f3n de escuelas. ACIJ hab\u00eda promovido una acci\u00f3n de amparo por la falta de vacantes y dos instancias judiciales obligaron al gobierno de Macri a cumplir con la Constituci\u00f3n porte\u00f1a. A cuatro a\u00f1os de esos fallos, se\u00f1al\u00f3 la ONG, \u201cla falta de vacantes en el nivel inicial sigue sin ser satisfecha\u201d, no finaliz\u00f3 las obras originales y el presupuesto viene reduci\u00e9ndose a\u00f1o a a\u00f1o.<br \/>Pese a esto, Bullrich prometi\u00f3 9 escuelas nuevas en el sur. \u201cHoy le damos respuesta a la demanda de vacantes de todos los ni\u00f1os de cuatro y cinco a\u00f1os y al 90 por ciento de los de tres a\u00f1os\u201d, afirm\u00f3 el ministro, quien asegur\u00f3 que creci\u00f3 un 5 por ciento la matr\u00edcula inicial, un 11 la primaria y un 0,77 por ciento la secundaria. El legislador de la Coalici\u00f3n C\u00edvica-ARI Maximiliano Ferraro le advirti\u00f3 a Bullrich que en las metas del proyecto figuran 11 escuelas, no 9. Tambi\u00e9n le indic\u00f3 que se recortan un poco m\u00e1s de dos mil becas estudiantiles.<br \/>\u201cLuego de haber reconocido la falta de 7 mil vacantes en el nivel inicial a principios de este a\u00f1o, Bullrich inform\u00f3 la creaci\u00f3n de unas 2700 nuevas vacantes durante 2014. Sin embargo, no pudo explicarnos si corresponden a nuevas escuelas o a aulas container. Adem\u00e1s, ante las 3500 vacantes que faltar\u00edan, tampoco supo responder\u201d, indic\u00f3 el legislador Pablo Ferreyra, quien resalt\u00f3 que no se ejecut\u00f3 ni la mitad del plan de construcci\u00f3n de escuelas con los terrenos vendidos en Catalinas Norte. \u201cNo pudo responder sobre el destino de ese dinero\u201d, juzg\u00f3 Ferreyra.<br \/>Desde el gremio UTE-Ctera indicaron que \u201cen las notas enviadas junto al proyecto de ley de Presupuesto, el gobierno porte\u00f1o se propone generar 900 nuevas vacantes en el nivel inicial. Lejos de las 9000 que reclaman familias y docentes, pero tambi\u00e9n lejos de las 4500 que el propio Ministerio de Educaci\u00f3n reconoci\u00f3 como faltantes\u201d. \u201cBullrich reconoci\u00f3 que no va a solucionar el problema de las vacantes\u201d, indic\u00f3 Eduardo L\u00f3pez.<br \/>\u201cFaltan 7200 vacantes en el nivel inicial. A esto se le agregan los 6400 chicos y chicas de los centros de primera infancia que no est\u00e1n dentro del sistema educativo formal\u201d, reclam\u00f3 el legislador Jos\u00e9 Cruz Campagnoli.<br \/>Tanto la legisladora kirchnerista Lorena Pokoik como Ferraro le advirtieron a Bullrich que, a la par de la ca\u00edda de infraestructura escolar, la partida de publicidad crece exponencialmente: son 200 millones para infraestructura escolar contra 760 millones para publicidad oficial. Bullrich respondi\u00f3 que \u201caument\u00f3 esa partida debido a que fue descentralizada\u201d.<\/span><\/span><\/p>\n<div><span style=\"font-size: small\"><span style=\"font-family: Verdana,sans-serif\"><span style=\"font-size: x-small\"><span style=\"color: #3d85c6\"><b>FUENTE: P\u00c1GINA 12<\/b><\/span><\/span><\/span><\/span><\/div>\n","protected":false},"excerpt":{"rendered":"<p>NUEVOS RECORTES AL PRESUPUESTO DE LA CIUDAD Esteban Bullrich, fue a defender el Presupuesto de la Ciudad. La oposici\u00f3n se\u00f1al\u00f3 que se construyen menos escuelas de las necesarias, se recortan las becas y no alcanzar\u00e1n las vacantes. El ministro reconoci\u00f3 errores en el sistema de inscripci\u00f3n on line. El presupuesto que en 2005 fue de [&hellip;]<\/p>\n","protected":false},"author":4,"featured_media":0,"comment_status":"open","ping_status":"open","sticky":false,"template":"","format":"standard","meta":{"_monsterinsights_skip_tracking":false,"_monsterinsights_sitenote_active":false,"_monsterinsights_sitenote_note":"","_monsterinsights_sitenote_category":0,"jnews-multi-image_gallery":[],"jnews_single_post":{"format":"standard"},"jnews_primary_category":[],"_joinchat":[],"footnotes":""},"categories":[58],"tags":[147],"class_list":["post-1005","post","type-post","status-publish","format-standard","hentry","category-noticiariachuelo","tag-habitat"],"_links":{"self":[{"href":"http:\/\/fmriachuelo.it10.com.ar\/index.php\/wp-json\/wp\/v2\/posts\/1005","targetHints":{"allow":["GET"]}}],"collection":[{"href":"http:\/\/fmriachuelo.it10.com.ar\/index.php\/wp-json\/wp\/v2\/posts"}],"about":[{"href":"http:\/\/fmriachuelo.it10.com.ar\/index.php\/wp-json\/wp\/v2\/types\/post"}],"author":[{"embeddable":true,"href":"http:\/\/fmriachuelo.it10.com.ar\/index.php\/wp-json\/wp\/v2\/users\/4"}],"replies":[{"embeddable":true,"href":"http:\/\/fmriachuelo.it10.com.ar\/index.php\/wp-json\/wp\/v2\/comments?post=1005"}],"version-history":[{"count":1,"href":"http:\/\/fmriachuelo.it10.com.ar\/index.php\/wp-json\/wp\/v2\/posts\/1005\/revisions"}],"predecessor-version":[{"id":21894,"href":"http:\/\/fmriachuelo.it10.com.ar\/index.php\/wp-json\/wp\/v2\/posts\/1005\/revisions\/21894"}],"wp:attachment":[{"href":"http:\/\/fmriachuelo.it10.com.ar\/index.php\/wp-json\/wp\/v2\/media?parent=1005"}],"wp:term":[{"taxonomy":"category","embeddable":true,"href":"http:\/\/fmriachuelo.it10.com.ar\/index.php\/wp-json\/wp\/v2\/categories?post=1005"},{"taxonomy":"post_tag","embeddable":true,"href":"http:\/\/fmriachuelo.it10.com.ar\/index.php\/wp-json\/wp\/v2\/tags?post=1005"}],"curies":[{"name":"wp","href":"https:\/\/api.w.org\/{rel}","templated":true}]}}