{"id":1004,"date":"2014-10-30T15:25:00","date_gmt":"2014-10-30T15:25:00","guid":{"rendered":"http:\/\/fmriachuelo.observatorioess.org.ar\/index.php\/2014\/10\/30\/en-brasil-si-no-es-con-las-urnas-apelan-a-las-botas\/"},"modified":"2025-03-07T15:00:52","modified_gmt":"2025-03-07T18:00:52","slug":"en-brasil-si-no-es-con-las-urnas-apelan-a-las-botas","status":"publish","type":"post","link":"http:\/\/fmriachuelo.it10.com.ar\/index.php\/2014\/10\/30\/en-brasil-si-no-es-con-las-urnas-apelan-a-las-botas\/","title":{"rendered":"EN BRASIL SI NO ES CON LAS URNAS APELAN A LAS BOTAS"},"content":{"rendered":"<p><span style=\"font-family: Verdana,sans-serif\"><span style=\"font-size: small\">AMENAZAS<\/span><\/span><br \/><span style=\"font-family: Verdana,sans-serif\"><span style=\"color: red;font-size: large\"><b>DENU<span style=\"font-size: large\">NCIAN QUE OPOSITORES EN BRASIL INCITAN UN GOLPE MILITAR<\/span><\/b><\/span><\/span><br \/><span style=\"font-family: Verdana,sans-serif\"><b>La p\u00e1gina de Facebook del Ej\u00e9rcito brasile\u00f1o recibi\u00f3 cientos de llamadas para la intervenci\u00f3n militar en el pa\u00eds; algunos, m\u00e1s exaltados, que amenacen la vida de la presidenta Dilma.<\/b><br \/>Desde la p\u00e1gina oficial del Partido de los Trabajadores (PT) en Brasil, se inform\u00f3 sobre las incitaciones que votantes del excandidato opositor Aecio Neves han hecho para una intervenci\u00f3n militar en Brasil.<\/span><br \/><a name='more'><\/a><span style=\"font-family: Verdana,sans-serif\">Algunas de las personas que hicieron sus comentarios en la p\u00e1gina oficial de Facebook del Ej\u00e9rcito brasile\u00f1o, exig\u00edan actuar en contra de la democracia y llevar a cabo ataques contra la presidenta y el expresidente Luiz In\u00e1cio Lula da Silva.<br \/>Las manifestaciones fueron publicadas como comentarios sobre los puestos de Comunicaci\u00f3n Institucional del Ej\u00e9rcito en la red social. <br \/>Entre el mensaje m\u00e1s repetido en la red social de las Fuerzas Armadas es &#8216;ayuda&#8217;; \u00abTe necesitamos\u00bb; \u00abEsperamos una actitud de usted\u00bb; \u00abS\u00e1lvanos de los comunistas\u00bb; y \u00abqueremos tomar el poder\u00bb.<br \/>La p\u00e1gina del PT (pt.org.br) menciona que \u00abincitar golpe de Estado contra la democracia puede configurar delito. Ley N \u00b0 7170 de 1983 define como cr\u00edmenes contra la seguridad nacional y el orden pol\u00edtico y social, manifestaci\u00f3n contra el actual representante y el r\u00e9gimen democr\u00e1tico, la Federaci\u00f3n y el Estado de Derecho\u00bb.<\/span><\/p>\n<div><span style=\"font-family: Verdana,sans-serif\"><span style=\"font-size: x-small\"><span style=\"color: #3d85c6\"><b>FUENTE: TELESUR<\/b><\/span><\/span><\/span><\/div>\n","protected":false},"excerpt":{"rendered":"<p>AMENAZASDENUNCIAN QUE OPOSITORES EN BRASIL INCITAN UN GOLPE MILITARLa p\u00e1gina de Facebook del Ej\u00e9rcito brasile\u00f1o recibi\u00f3 cientos de llamadas para la intervenci\u00f3n militar en el pa\u00eds; algunos, m\u00e1s exaltados, que amenacen la vida de la presidenta Dilma.Desde la p\u00e1gina oficial del Partido de los Trabajadores (PT) en Brasil, se inform\u00f3 sobre las incitaciones que votantes [&hellip;]<\/p>\n","protected":false},"author":4,"featured_media":0,"comment_status":"open","ping_status":"open","sticky":false,"template":"","format":"standard","meta":{"_monsterinsights_skip_tracking":false,"_monsterinsights_sitenote_active":false,"_monsterinsights_sitenote_note":"","_monsterinsights_sitenote_category":0,"jnews-multi-image_gallery":[],"jnews_single_post":{"format":"standard"},"jnews_primary_category":[],"_joinchat":[],"footnotes":""},"categories":[58],"tags":[70],"class_list":["post-1004","post","type-post","status-publish","format-standard","hentry","category-noticiariachuelo","tag-de-la-patria-grande"],"_links":{"self":[{"href":"http:\/\/fmriachuelo.it10.com.ar\/index.php\/wp-json\/wp\/v2\/posts\/1004","targetHints":{"allow":["GET"]}}],"collection":[{"href":"http:\/\/fmriachuelo.it10.com.ar\/index.php\/wp-json\/wp\/v2\/posts"}],"about":[{"href":"http:\/\/fmriachuelo.it10.com.ar\/index.php\/wp-json\/wp\/v2\/types\/post"}],"author":[{"embeddable":true,"href":"http:\/\/fmriachuelo.it10.com.ar\/index.php\/wp-json\/wp\/v2\/users\/4"}],"replies":[{"embeddable":true,"href":"http:\/\/fmriachuelo.it10.com.ar\/index.php\/wp-json\/wp\/v2\/comments?post=1004"}],"version-history":[{"count":1,"href":"http:\/\/fmriachuelo.it10.com.ar\/index.php\/wp-json\/wp\/v2\/posts\/1004\/revisions"}],"predecessor-version":[{"id":21895,"href":"http:\/\/fmriachuelo.it10.com.ar\/index.php\/wp-json\/wp\/v2\/posts\/1004\/revisions\/21895"}],"wp:attachment":[{"href":"http:\/\/fmriachuelo.it10.com.ar\/index.php\/wp-json\/wp\/v2\/media?parent=1004"}],"wp:term":[{"taxonomy":"category","embeddable":true,"href":"http:\/\/fmriachuelo.it10.com.ar\/index.php\/wp-json\/wp\/v2\/categories?post=1004"},{"taxonomy":"post_tag","embeddable":true,"href":"http:\/\/fmriachuelo.it10.com.ar\/index.php\/wp-json\/wp\/v2\/tags?post=1004"}],"curies":[{"name":"wp","href":"https:\/\/api.w.org\/{rel}","templated":true}]}}