{"id":10035,"date":"2019-06-04T22:34:17","date_gmt":"2019-06-04T22:34:17","guid":{"rendered":"http:\/\/fmriachuelo.com.ar\/?p=10035"},"modified":"2019-06-04T22:34:17","modified_gmt":"2019-06-04T22:34:17","slug":"las-fuerzas-de-seguridad-siguen-operando-en-las-barriadas-al-servicio-de-los-gobiernos","status":"publish","type":"post","link":"http:\/\/fmriachuelo.it10.com.ar\/index.php\/2019\/06\/04\/las-fuerzas-de-seguridad-siguen-operando-en-las-barriadas-al-servicio-de-los-gobiernos\/","title":{"rendered":"\u00abLAS FUERZAS DE SEGURIDAD SIGUEN OPERANDO EN LAS BARRIADAS AL SERVICIO DE LOS GOBIERNOS\u00bb"},"content":{"rendered":"<p><strong>[FM RIACHUELO 04\/06\/2019] El domingo pasado, Pablo Puebla, referente de Organizaciones Libres del Pueblo, sufri\u00f3\u00a0 un operativo ilegal de la Gendarmer\u00eda Nacional en su domicilio en la localidad de San Andr\u00e9s, partido de San Mart\u00edn. J\u00f3venes del barrio le avisaron al dirigente que dos camionetas de las fuerzas pararon en la puerta de su casa y tomaron fotos de su veh\u00edculo, en un claro acto de persecuci\u00f3n y espionaje ilegal, que se enmarca en la pol\u00edtica de hostigamiento que lleva adelante el gobierno nacional contra los dirigentes sociales.<\/strong><\/p>\n<p>\u201cLos pibes del barrio me avisaron que alrededor de las 20.40, paran dos camionetas de Gendarmer\u00eda, dos se bajan y le sacan fotos al auto, luego dan una vuelta en &#8216;u&#8217; y vuelven en contra mano para pasar por la puerta de mi casa\u201d, explic\u00f3 el dirigente.<\/p>\n<p>Tambi\u00e9n explic\u00f3 que las fuerzas federales hace m\u00e1s de un mes que se retiraron de esa localidad: \u201cel encargado de la municipalidad me inform\u00f3 que si hubo alg\u00fan m\u00f3vil de Gendarmer\u00eda no son del municipio sino que fueron enviados de otro lado\u201d, y denunci\u00f3: \u00abes una pol\u00edtica de amedrentamiento, son tareas de inteligencia ilegales. Nosotros estamos acostumbrados a esta persecuci\u00f3n, cambian los gobiernos y las fuerzas de seguridad siguen operando en las barriadas al servicio de esos gobiernos\u201d.<\/p>\n<p>Pablo Puebla explic\u00f3 que el acto de persecuci\u00f3n responde a una ofensiva del gobierno nacional dirigida contra los militantes populares: \u201cest\u00e1n nerviosos y desesperados, han tomado un rumbo econ\u00f3mico que era el que quer\u00edan y esperaban que nos quedemos quietos, que no protestemos ni nos movilicemos, por eso est\u00e1n respondiendo\u201d.<\/p>\n<p>El referente cont\u00f3 que se comunic\u00f3 con los bloques de diputados de Unidad Ciudadana y el Frente Renovador: \u201cme dijeron que no puede el Ministro de Seguridad de la provincia, Cristian Ritondo, ser ajeno a lo que est\u00e1n haciendo las fuerzas de seguridad federales en territorio provincial, as\u00ed que estamos gestionando una reuni\u00f3n con \u00e9l para que explique qu\u00e9 andaban haciendo las camionetas de Gendarmer\u00eda sac\u00e1ndole fotos al auto de un militante popular\u201d.<\/p>\n<p><a href=\"https:\/\/ar.radiocut.fm\/audiocut\/pablo-puebla-fuerza-seguridad-siguen-operando-en-barriadas-al-servicio-gobiernos\/\">Escucha la entrevista completa<\/a><\/p>\n","protected":false},"excerpt":{"rendered":"<p>[FM RIACHUELO 04\/06\/2019] El domingo pasado, Pablo Puebla, referente de Organizaciones Libres del Pueblo, sufri\u00f3\u00a0 un operativo ilegal de la Gendarmer\u00eda Nacional en su domicilio en la localidad de San Andr\u00e9s, partido de San Mart\u00edn. J\u00f3venes del barrio le avisaron al dirigente que dos camionetas de las fuerzas pararon en la puerta de su casa [&hellip;]<\/p>\n","protected":false},"author":5,"featured_media":10036,"comment_status":"open","ping_status":"open","sticky":false,"template":"","format":"standard","meta":{"_monsterinsights_skip_tracking":false,"_monsterinsights_sitenote_active":false,"_monsterinsights_sitenote_note":"","_monsterinsights_sitenote_category":0,"jnews-multi-image_gallery":[],"jnews_single_post":[],"jnews_primary_category":[],"_joinchat":[],"footnotes":""},"categories":[76],"tags":[],"class_list":["post-10035","post","type-post","status-publish","format-standard","has-post-thumbnail","hentry","category-salud-comunitaria"],"_links":{"self":[{"href":"http:\/\/fmriachuelo.it10.com.ar\/index.php\/wp-json\/wp\/v2\/posts\/10035","targetHints":{"allow":["GET"]}}],"collection":[{"href":"http:\/\/fmriachuelo.it10.com.ar\/index.php\/wp-json\/wp\/v2\/posts"}],"about":[{"href":"http:\/\/fmriachuelo.it10.com.ar\/index.php\/wp-json\/wp\/v2\/types\/post"}],"author":[{"embeddable":true,"href":"http:\/\/fmriachuelo.it10.com.ar\/index.php\/wp-json\/wp\/v2\/users\/5"}],"replies":[{"embeddable":true,"href":"http:\/\/fmriachuelo.it10.com.ar\/index.php\/wp-json\/wp\/v2\/comments?post=10035"}],"version-history":[{"count":0,"href":"http:\/\/fmriachuelo.it10.com.ar\/index.php\/wp-json\/wp\/v2\/posts\/10035\/revisions"}],"wp:featuredmedia":[{"embeddable":true,"href":"http:\/\/fmriachuelo.it10.com.ar\/index.php\/wp-json\/"}],"wp:attachment":[{"href":"http:\/\/fmriachuelo.it10.com.ar\/index.php\/wp-json\/wp\/v2\/media?parent=10035"}],"wp:term":[{"taxonomy":"category","embeddable":true,"href":"http:\/\/fmriachuelo.it10.com.ar\/index.php\/wp-json\/wp\/v2\/categories?post=10035"},{"taxonomy":"post_tag","embeddable":true,"href":"http:\/\/fmriachuelo.it10.com.ar\/index.php\/wp-json\/wp\/v2\/tags?post=10035"}],"curies":[{"name":"wp","href":"https:\/\/api.w.org\/{rel}","templated":true}]}}