{"id":10022,"date":"2019-06-04T20:45:56","date_gmt":"2019-06-04T20:45:56","guid":{"rendered":"http:\/\/fmriachuelo.com.ar\/?p=10022"},"modified":"2019-06-04T20:45:56","modified_gmt":"2019-06-04T20:45:56","slug":"3j-con-gobiernos-liberales-no-hay-ni-una-menos","status":"publish","type":"post","link":"http:\/\/fmriachuelo.it10.com.ar\/index.php\/2019\/06\/04\/3j-con-gobiernos-liberales-no-hay-ni-una-menos\/","title":{"rendered":"#3J CON GOBIERNOS LIBERALES, NO HAY NI UNA MENOS"},"content":{"rendered":"<p><strong>[FM Riachuelo 4\/07\/2019] Ayer #3J se realiz\u00f3 la cuarta marcha \u201cNi Una Menos\u201d y como la mayor\u00eda de las acciones del movimiento de mujeres en la regi\u00f3n fue multitudinaria y contundente en su rechazo al actual sistema de poder y dominaci\u00f3n.<\/strong><\/p>\n<p>El primer Ni Una Menos se realiz\u00f3 el 3 de junio de 2015. Y aunque no parecen muchos a\u00f1os, para los cambios vertiginosos que han atravesado los feminismos en nuestro pa\u00eds es mucha agua la que corri\u00f3 bajo el puente. En aquel primer momento, los femicidios iban aumentando en cantidad y en crueldad. Como en el Medio Evo a las muejres nos quemaban, nos empalaban o nos met\u00edan en bolsas de consorcio y nos tiraban a la basura, porque eso val\u00edan nuestros cuerpos: nada. Muestra de esa desvalorizaci\u00f3n eran los medios masivos de comunicaci\u00f3n que para entretener al p\u00fablico mostraban conductores correr con una tijera en la mano a las mujeres para rasgarles la ropa (y el chiste, claro, era el no consentimiento por parte de la se\u00f1orita), humoristas que fantaseaban con chicas menores de edad, vulvas y tetas hegem\u00f3nicas que aparec\u00edan s\u00f3lo para placer masculino, reduciendo nuestra sexualidad a objeto de consumo ajeno.<\/p>\n<p>La violencia era cada vez m\u00e1s cruda, los casos que aparec\u00edan nos generaban un nudo en la garganta y pronto entendimos que esa bronca hab\u00eda que materializarla en lucha, nuestro lugar era la calle, hab\u00eda que hacer ruido, organizarse, molestar y, por m\u00e1s rid\u00edculo que suene, pedir que no nos maten m\u00e1s, que no nos violen, que somos sujetas deseantes y no objetos de deseo. <strong>Que no es no, que s\u00ed cuando sos menor de edad es no. Que ni una menos, que vivas y libres nos queremos.<\/strong><\/p>\n<p>Y desde ese primer 3J hasta aqu\u00ed ha cambiado mucho. Hemos logrado que ya no se hable de \u201ccrimen pasional\u201d sino de \u201cfemicidio\u201d, que exista legislaci\u00f3n que nos contenga y que el aborto sea parte de la agenda pol\u00edtica. Hemos logrado demostrar que las mujeres y disidencias somos sujetes de acci\u00f3n, despu\u00e9s de todo el primer paro a Macri se lo hicimos las mujeres.<\/p>\n<p>El Movimiento de Mujeres creci\u00f3 y no s\u00f3lo en Argentina, en toda la regi\u00f3n, como pregona el c\u00e1ntico \u201cAm\u00e9rica Latina va a ser toda feminista\u201d. Y es que les primeres en movilizarse ante gobiernos de derecha como el de Bolsonaro han sido tambi\u00e9n las disidencias y mujeres. Esto no es casual, es que entendemos que la lucha contra el patriarcado es tambi\u00e9n una lucha contra el capitalismo, contra el poder real, que nos hambrea, nos expulsa, mata a nuestres hijes a trav\u00e9s de las fuerzas de represi\u00f3n y nos niega el acceso a la salud. Porque el hambre tambi\u00e9n es violencia, as\u00ed como en el 2001 fueron las mujeres las que extendieron las tareas de cuidado del hogar hacia la calle y sacaron la olla para dar de comer en cada territorio del pa\u00eds, hoy frente a las pol\u00edticas neoliberales son una vez m\u00e1s las que est\u00e1n frente a los comedores, a los merenderos y luchan contra la injusticia que les arrebata a sus familias.<\/p>\n<p>Por eso este #3J fue diferente. Porque entendemos que la mujer pobre es doblemente oprimida, por mujer y por pobre y que con gobiernos como el actual no se puede negociar ni un tantito. Ayer al principio de la jornada, la CTEP present\u00f3 su proyecto de Ley de Emergencia en Violencia de G\u00e9nero y luego de eso las mujeres de la econom\u00eda popular se sumaron a las negras, a las ind\u00edgenas, a las migrantes y pidieron mayor presupuesto y mayores pol\u00edticas p\u00fablicas que acompa\u00f1en a las v\u00edctimas. Se march\u00f3 por las que ya no est\u00e1n, se march\u00f3 por las presas por luchar, se march\u00f3 por la comunidad trans que es hostigada por la corrupci\u00f3n policial. Se march\u00f3 en repudi\u00f3 al presupuesto del FMI que dictamina que nuestras vidas valen menos que un boleto de colectivo. En repudi\u00f3 al abuso de las mal llamadas fuerzas de seguridad de la Ministra Bullrich. Se march\u00f3 en defensa de las mujeres originarias a quienes les roban las tierras para entregarlas a los grandes capitales extranjeros.<\/p>\n<p><img loading=\"lazy\" decoding=\"async\" class=\"alignnone wp-image-10028\" src=\"http:\/\/fmriachuelo.com.ar\/wp-content\/uploads\/2019\/06\/3-300x169.jpg\" alt=\"\" width=\"408\" height=\"230\" \/><\/p>\n<p>Al caer la noche la columna que comenz\u00f3 en Congreso lleg\u00f3 finalmente a Plaza de Mayo donde se ley\u00f3 el documento de cierre. Tom\u00f3 casi dos horas llegar de un punto a otro y es que no se quiso leer el documento hasta que la \u00faltima compa\u00f1era no estuviese en la Plaza. El documento fue el resultado de las asambleas previas, en las cuales participaron distintas Organizaciones Sociales y Sindicatos, y comienza diciendo: <strong>\u201cHoy, 3 de junio de 2019, estamos ac\u00e1 una vez m\u00e1s para tomar las calles y manifestarnos, para decir basta de violencia econ\u00f3mica, sexista, racista y clasista contra las mujeres, lesbianas, travestis, trans, bisexuales, no binaries, gordes e intersex; de la clase trabajadora: ocupades, desocupades, precarizades, piqueteres y de la econom\u00eda popular, visibilizando especialmente a las mujeres ind\u00edgenas, originarias, afroargentinas y negras en pos de empezar a saldar la deuda hist\u00f3rica para con ellas y todas las identidades vulneradas por el capitalismo patriarcal y el modelo econ\u00f3mico de Mauricio Macri y la alianza Cambiemos, sostenido por su gobierno y los gobiernos provinciales que precarizan nuestras vidas y profundizan todas las desigualdades y las opresiones\u201d<\/strong> Y contin\u00faa : <strong>\u00abLa enorme transferencia de recursos hacia los grandes capitales financieros mediante una devaluaci\u00f3n que destruy\u00f3 buena parte del salario, la fuga de divisas, el acuerdo con el FMI, la justicia patriarcal y la reforma previsional, as\u00ed como la pol\u00edtica de persecuci\u00f3n, represi\u00f3n y criminalizaci\u00f3n de la protesta social y de guerra contra nuestro pueblo, precarizan d\u00eda a d\u00eda nuestras vidas. Ante este momento, los feminismos tenemos que ser resistencia y alternativa porque tenemos la tarea ineludible de aportar una alternativa de futuro para que el pueblo no siga pagando las consecuencias de esta crisis\u00bb<\/strong><\/p>\n<p>Podr\u00e1n entenderlo o no, pero ya no hay grises en el movimeinto de mujeres, la lucha es juntes, organizades, en la calle y con el pu\u00f1o apuntando al poder.<\/p>\n<p>&nbsp;<\/p>\n<p>&nbsp;<\/p>\n","protected":false},"excerpt":{"rendered":"<p>[FM Riachuelo 4\/07\/2019] Ayer #3J se realiz\u00f3 la cuarta marcha \u201cNi Una Menos\u201d y como la mayor\u00eda de las acciones del movimiento de mujeres en la regi\u00f3n fue multitudinaria y contundente en su rechazo al actual sistema de poder y dominaci\u00f3n. El primer Ni Una Menos se realiz\u00f3 el 3 de junio de 2015. Y [&hellip;]<\/p>\n","protected":false},"author":5,"featured_media":10027,"comment_status":"open","ping_status":"open","sticky":false,"template":"","format":"standard","meta":{"_monsterinsights_skip_tracking":false,"_monsterinsights_sitenote_active":false,"_monsterinsights_sitenote_note":"","_monsterinsights_sitenote_category":0,"jnews-multi-image_gallery":[],"jnews_single_post":[],"jnews_primary_category":[],"_joinchat":[],"footnotes":""},"categories":[78,80,76],"tags":[],"class_list":["post-10022","post","type-post","status-publish","format-standard","has-post-thumbnail","hentry","category-economia-popular","category-educacion","category-salud-comunitaria"],"_links":{"self":[{"href":"http:\/\/fmriachuelo.it10.com.ar\/index.php\/wp-json\/wp\/v2\/posts\/10022","targetHints":{"allow":["GET"]}}],"collection":[{"href":"http:\/\/fmriachuelo.it10.com.ar\/index.php\/wp-json\/wp\/v2\/posts"}],"about":[{"href":"http:\/\/fmriachuelo.it10.com.ar\/index.php\/wp-json\/wp\/v2\/types\/post"}],"author":[{"embeddable":true,"href":"http:\/\/fmriachuelo.it10.com.ar\/index.php\/wp-json\/wp\/v2\/users\/5"}],"replies":[{"embeddable":true,"href":"http:\/\/fmriachuelo.it10.com.ar\/index.php\/wp-json\/wp\/v2\/comments?post=10022"}],"version-history":[{"count":0,"href":"http:\/\/fmriachuelo.it10.com.ar\/index.php\/wp-json\/wp\/v2\/posts\/10022\/revisions"}],"wp:featuredmedia":[{"embeddable":true,"href":"http:\/\/fmriachuelo.it10.com.ar\/index.php\/wp-json\/"}],"wp:attachment":[{"href":"http:\/\/fmriachuelo.it10.com.ar\/index.php\/wp-json\/wp\/v2\/media?parent=10022"}],"wp:term":[{"taxonomy":"category","embeddable":true,"href":"http:\/\/fmriachuelo.it10.com.ar\/index.php\/wp-json\/wp\/v2\/categories?post=10022"},{"taxonomy":"post_tag","embeddable":true,"href":"http:\/\/fmriachuelo.it10.com.ar\/index.php\/wp-json\/wp\/v2\/tags?post=10022"}],"curies":[{"name":"wp","href":"https:\/\/api.w.org\/{rel}","templated":true}]}}