{"id":1002,"date":"2014-10-31T02:01:00","date_gmt":"2014-10-31T02:01:00","guid":{"rendered":"http:\/\/fmriachuelo.observatorioess.org.ar\/index.php\/2014\/10\/31\/mexico-no-se-rinde\/"},"modified":"2025-03-11T13:07:54","modified_gmt":"2025-03-11T16:07:54","slug":"mexico-no-se-rinde","status":"publish","type":"post","link":"http:\/\/fmriachuelo.it10.com.ar\/index.php\/2014\/10\/31\/mexico-no-se-rinde\/","title":{"rendered":"M\u00c9XICO NO SE RINDE"},"content":{"rendered":"<p><span style=\"font-size: small\"><span style=\"font-family: Verdana,sans-serif\"><span style=\"color: red\"><b><span style=\"font-size: small\"><span style=\"font-size: small\"><span style=\"font-size: small\"><\/span><\/span><\/span><span style=\"font-size: large\">SE INTENSIFICAN LAS PROTESTAS POR LOS 43 ESTUDIANTES DESAPARECIDOS<\/span><\/b><\/span><\/span><\/span><\/p>\n<div style=\"clear: both;text-align: center\"><span style=\"font-size: small\"><span style=\"font-family: Verdana,sans-serif\"><span style=\"color: red\"><b style=\"clear: left;float: left;margin-bottom: 1em;margin-right: 1em\"><img loading=\"lazy\" decoding=\"async\" border=\"0\" src=\"http:\/\/3.bp.blogspot.com\/-BS8Q7l910hM\/VFLs0IyQ6wI\/AAAAAAAABM4\/9yEUDsTJhC0\/s1600\/bloqueosoxaca301014_jpg_1718483346.jpg\" height=\"181\" width=\"320\" \/><\/b><\/span><\/span><\/span><\/div>\n<p><span style=\"font-size: small\"><span style=\"font-family: Verdana,sans-serif\"><span style=\"color: red\"><\/p>\n<div><span style=\"color: black\">Miles de profesores, estudiantes y solidarios con la lucha nacional tomaron las calles para exigir justicia por los 43 normalistas de Ayotzinapa desaparecidos desde hace 33 d\u00edas. Tambi\u00e9n tomaron empresas petroleras y hasta del aer\u00f3dromo como medida de presi\u00f3n para que aparezcan los j\u00f3venes.<\/span><\/div>\n<div><span style=\"color: black\">Docentes de la Coordinadora Nacional de Trabajadores de la Educaci\u00f3n bloquearon este jueves el aeropuerto de Oaxaca (sur) como parte de las medidas de presi\u00f3n de la jornada nacional para exigir justicia al gobierno de Enrique Pe\u00f1a Nieto por este caso.&nbsp;<\/span><br \/><span style=\"color: black\">Los indignados dejaron las aulas y decidieron&nbsp;tomar el control de&nbsp;carreteras, autopistas, negocios, plazas comerciales, el acceso al aeropuerto de la Ciudad de Oaxaca y la refiner\u00eda \u201cAntonio Dovali Jaime\u201d de Petr\u00f3leos Mexicanos en el puerto de Salina Cruz, en la zona del Istmo de Tehuantepec para reclamar que aparezcan con vida los 43 normalistas de la Rural de Ayotzinapa, desaparecidos desde el pasado 26 de septiembre.<\/span><br \/><a name='more'><\/a><br \/><span style=\"color: black\">El bloqueo es parte de un paro que inici\u00f3 a&nbsp;las 08H00 local (09H30 GMT) de este mi\u00e9rcoles y se mantendr\u00e1&nbsp;hasta despu\u00e9s de las 17 horas, lo que se torna indefinido.&nbsp;&nbsp;Los usuarios que deseen ingresar caminando al aer\u00f3dromo lo pueden hacer, siempre y cuando sea para abordar.<\/span><\/p>\n<div style=\"clear: both;text-align: center\"><a href=\"http:\/\/1.bp.blogspot.com\/-H9ZI4qAc9sk\/VFLtJ_J14sI\/AAAAAAAABNA\/8qLL0UB04NE\/s1600\/bloqueosoxaca301014dos_jpg_1018292171.jpg\" style=\"clear: left;float: left;margin-bottom: 1em;margin-right: 1em\"><img loading=\"lazy\" decoding=\"async\" border=\"0\" src=\"http:\/\/1.bp.blogspot.com\/-H9ZI4qAc9sk\/VFLtJ_J14sI\/AAAAAAAABNA\/8qLL0UB04NE\/s1600\/bloqueosoxaca301014dos_jpg_1018292171.jpg\" height=\"197\" width=\"320\" \/><\/a><\/div>\n<p><span style=\"color: black\">Por su parte, m\u00e1s de mil&nbsp;estudiantes y maestros de las Facultades de Ciencias Qu\u00edmicas y Econom\u00eda de la Universidad Aut\u00f3noma &nbsp;de Guerrero (UAG) marcharon desde ciudad Universitaria al Z\u00f3calo de la ciudad, en demanda de la presentaci\u00f3n con vida de los 43 j\u00f3venes de Ayotzinapa.&nbsp;<\/span><br \/><span style=\"color: black\">Los familiares exigen al Gobierno que agilice las investigaciones en otras zonas del pa\u00eds, y dejar de lado el an\u00e1lisis de fosas clandestinas o comunes, pues aseguran que sus hijos \u00abest\u00e1n vivos\u00bb. Este mi\u00e9rcoles, un grupo de padres se reuni\u00f3 con el presidente mexicano y acordaron ejecutar varias medidas, pese a que no conf\u00edan en la b\u00fasqueda que realiza la Procuradur\u00eda General de la Rep\u00fablica.<\/span><br \/><span style=\"color: #3d85c6\"><span style=\"font-size: x-small\"><b>FUENTE: TELESUR<\/b><\/span><\/span><\/div>\n<p><\/span><\/span><\/span><\/p>\n","protected":false},"excerpt":{"rendered":"<p>SE INTENSIFICAN LAS PROTESTAS POR LOS 43 ESTUDIANTES DESAPARECIDOS Miles de profesores, estudiantes y solidarios con la lucha nacional tomaron las calles para exigir justicia por los 43 normalistas de Ayotzinapa desaparecidos desde hace 33 d\u00edas. Tambi\u00e9n tomaron empresas petroleras y hasta del aer\u00f3dromo como medida de presi\u00f3n para que aparezcan los j\u00f3venes. Docentes de [&hellip;]<\/p>\n","protected":false},"author":4,"featured_media":0,"comment_status":"open","ping_status":"open","sticky":false,"template":"","format":"standard","meta":{"_monsterinsights_skip_tracking":false,"_monsterinsights_sitenote_active":false,"_monsterinsights_sitenote_note":"","_monsterinsights_sitenote_category":0,"jnews-multi-image_gallery":[],"jnews_single_post":{"format":"standard"},"jnews_primary_category":[],"_joinchat":[],"footnotes":""},"categories":[58],"tags":[70],"class_list":["post-1002","post","type-post","status-publish","format-standard","hentry","category-noticiariachuelo","tag-de-la-patria-grande"],"_links":{"self":[{"href":"http:\/\/fmriachuelo.it10.com.ar\/index.php\/wp-json\/wp\/v2\/posts\/1002","targetHints":{"allow":["GET"]}}],"collection":[{"href":"http:\/\/fmriachuelo.it10.com.ar\/index.php\/wp-json\/wp\/v2\/posts"}],"about":[{"href":"http:\/\/fmriachuelo.it10.com.ar\/index.php\/wp-json\/wp\/v2\/types\/post"}],"author":[{"embeddable":true,"href":"http:\/\/fmriachuelo.it10.com.ar\/index.php\/wp-json\/wp\/v2\/users\/4"}],"replies":[{"embeddable":true,"href":"http:\/\/fmriachuelo.it10.com.ar\/index.php\/wp-json\/wp\/v2\/comments?post=1002"}],"version-history":[{"count":1,"href":"http:\/\/fmriachuelo.it10.com.ar\/index.php\/wp-json\/wp\/v2\/posts\/1002\/revisions"}],"predecessor-version":[{"id":21897,"href":"http:\/\/fmriachuelo.it10.com.ar\/index.php\/wp-json\/wp\/v2\/posts\/1002\/revisions\/21897"}],"wp:attachment":[{"href":"http:\/\/fmriachuelo.it10.com.ar\/index.php\/wp-json\/wp\/v2\/media?parent=1002"}],"wp:term":[{"taxonomy":"category","embeddable":true,"href":"http:\/\/fmriachuelo.it10.com.ar\/index.php\/wp-json\/wp\/v2\/categories?post=1002"},{"taxonomy":"post_tag","embeddable":true,"href":"http:\/\/fmriachuelo.it10.com.ar\/index.php\/wp-json\/wp\/v2\/tags?post=1002"}],"curies":[{"name":"wp","href":"https:\/\/api.w.org\/{rel}","templated":true}]}}