{"id":1001,"date":"2014-10-31T18:37:00","date_gmt":"2014-10-31T18:37:00","guid":{"rendered":"http:\/\/fmriachuelo.observatorioess.org.ar\/index.php\/2014\/10\/31\/el-llamamiento-de-evo-morales\/"},"modified":"2025-03-11T13:09:10","modified_gmt":"2025-03-11T16:09:10","slug":"el-llamamiento-de-evo-morales","status":"publish","type":"post","link":"http:\/\/fmriachuelo.it10.com.ar\/index.php\/2014\/10\/31\/el-llamamiento-de-evo-morales\/","title":{"rendered":"EL LLAMAMIENTO DE EVO MORALES"},"content":{"rendered":"<p><span style=\"font-family: Verdana,sans-serif\"><span style=\"color: red\"><span style=\"font-size: large\"><b>UN MUNDO DIGNO ES UN MUNDO SIN HAMBRE<\/b><\/span><\/span><\/span><br \/><a href=\"http:\/\/4.bp.blogspot.com\/-5RfyK4tM2N4\/VFPXNcQus-I\/AAAAAAAABNU\/QmKVz-w7UbI\/s1600\/1317314866_0.jpg_1718483346.jpg\" style=\"clear: left;float: left;margin-bottom: 1em;margin-right: 1em\"><img loading=\"lazy\" decoding=\"async\" border=\"0\" src=\"http:\/\/4.bp.blogspot.com\/-5RfyK4tM2N4\/VFPXNcQus-I\/AAAAAAAABNU\/QmKVz-w7UbI\/s1600\/1317314866_0.jpg_1718483346.jpg\" height=\"181\" width=\"320\" \/><\/a><span style=\"font-family: Verdana,sans-serif\"><b>\u00abEl hambre es una violaci\u00f3n a la vida humana y instamos a que se adopten medidas urgentes en los planos nacional, regional e internacional. Defendemos el derecho de toda persona de disponer alimentos sanos y nutritivos de conformidad a su derecho de una alimentaci\u00f3n adecuada y su derecho fundamental a no parecer hambre\u00bb.<\/b><\/span><br \/><span style=\"font-family: Verdana,sans-serif\">El presidente de Bolivia, Evo Morales, asegur\u00f3 el jueves que un mundo digno es un mundo sin hambre, por lo que inst\u00f3 a la Organizaci\u00f3n de las Naciones Unidas para la Alimentaci\u00f3n y la Agricultura (FAO por sus siglas en ingl\u00e9s) a que adopte pol\u00edticas para garantizar la seguridad alimentaria.<br \/>El Jefe de Estado asegur\u00f3 que no se puede permitir que a t\u00edtulo de incrementar la productividad se generalicen los alimentos gen\u00e9ticamente modificados y apunt\u00f3 que la mayor\u00eda de las muertes se debe a la desnutrici\u00f3n cr\u00f3nica.<\/span><br \/><a name='more'><\/a><span style=\"font-family: Verdana,sans-serif\"><b>Soberan\u00eda alimentaria para &#8216;Vivir Bien&#8217;<\/b><br \/>Morales ha impulsado pol\u00edticas estatales para producir alimentos porque estos no deben ser entendidos como una mercanc\u00eda.<br \/>Record\u00f3 que en 2006 cuando asumi\u00f3 la presidencia de Bolivia se cre\u00f3 un Banco de Desarrollo Productivo con un inter\u00e9s anual del 6 por ciento, que foment\u00f3 la producci\u00f3n agropecuaria y la creaci\u00f3n de peque\u00f1as empresas comunitarias.<br \/>Cre\u00f3 la Empresa de Apoyo a la Producci\u00f3n de Alimentos (Emapa) para la venta de los alimentos bajos a precios bajos y libres de la especulaci\u00f3n.<br \/>Bolivia ejecuta el programa &#8216;Mi Agua&#8217; para cumplir las Metas del Milenio y &#8216;Mi Riego&#8217; impulsar la cosecha de alimentos. A su juicio, si no se garantiza tierra y agua no se respeta los derechos humanos y colectivos.<\/span><\/p>\n<div><span style=\"font-family: Verdana,sans-serif\"><span style=\"color: #3d85c6\"><b><span style=\"font-size: x-small\">FUENTE: TELESUR<\/span><\/b><\/span><\/span><\/div>\n","protected":false},"excerpt":{"rendered":"<p>UN MUNDO DIGNO ES UN MUNDO SIN HAMBRE\u00abEl hambre es una violaci\u00f3n a la vida humana y instamos a que se adopten medidas urgentes en los planos nacional, regional e internacional. Defendemos el derecho de toda persona de disponer alimentos sanos y nutritivos de conformidad a su derecho de una alimentaci\u00f3n adecuada y su derecho [&hellip;]<\/p>\n","protected":false},"author":4,"featured_media":0,"comment_status":"open","ping_status":"open","sticky":false,"template":"","format":"standard","meta":{"_monsterinsights_skip_tracking":false,"_monsterinsights_sitenote_active":false,"_monsterinsights_sitenote_note":"","_monsterinsights_sitenote_category":0,"jnews-multi-image_gallery":[],"jnews_single_post":{"format":"standard"},"jnews_primary_category":[],"_joinchat":[],"footnotes":""},"categories":[58],"tags":[70],"class_list":["post-1001","post","type-post","status-publish","format-standard","hentry","category-noticiariachuelo","tag-de-la-patria-grande"],"_links":{"self":[{"href":"http:\/\/fmriachuelo.it10.com.ar\/index.php\/wp-json\/wp\/v2\/posts\/1001","targetHints":{"allow":["GET"]}}],"collection":[{"href":"http:\/\/fmriachuelo.it10.com.ar\/index.php\/wp-json\/wp\/v2\/posts"}],"about":[{"href":"http:\/\/fmriachuelo.it10.com.ar\/index.php\/wp-json\/wp\/v2\/types\/post"}],"author":[{"embeddable":true,"href":"http:\/\/fmriachuelo.it10.com.ar\/index.php\/wp-json\/wp\/v2\/users\/4"}],"replies":[{"embeddable":true,"href":"http:\/\/fmriachuelo.it10.com.ar\/index.php\/wp-json\/wp\/v2\/comments?post=1001"}],"version-history":[{"count":1,"href":"http:\/\/fmriachuelo.it10.com.ar\/index.php\/wp-json\/wp\/v2\/posts\/1001\/revisions"}],"predecessor-version":[{"id":21898,"href":"http:\/\/fmriachuelo.it10.com.ar\/index.php\/wp-json\/wp\/v2\/posts\/1001\/revisions\/21898"}],"wp:attachment":[{"href":"http:\/\/fmriachuelo.it10.com.ar\/index.php\/wp-json\/wp\/v2\/media?parent=1001"}],"wp:term":[{"taxonomy":"category","embeddable":true,"href":"http:\/\/fmriachuelo.it10.com.ar\/index.php\/wp-json\/wp\/v2\/categories?post=1001"},{"taxonomy":"post_tag","embeddable":true,"href":"http:\/\/fmriachuelo.it10.com.ar\/index.php\/wp-json\/wp\/v2\/tags?post=1001"}],"curies":[{"name":"wp","href":"https:\/\/api.w.org\/{rel}","templated":true}]}}