{"id":10005,"date":"2019-06-04T18:20:04","date_gmt":"2019-06-04T18:20:04","guid":{"rendered":"http:\/\/fmriachuelo.com.ar\/?p=10005"},"modified":"2019-06-04T18:20:04","modified_gmt":"2019-06-04T18:20:04","slug":"la-solidaridad-y-organizacion-detienen-un-nuevo-desalojo-en-el-barrio-de-la-boca","status":"publish","type":"post","link":"http:\/\/fmriachuelo.it10.com.ar\/index.php\/2019\/06\/04\/la-solidaridad-y-organizacion-detienen-un-nuevo-desalojo-en-el-barrio-de-la-boca\/","title":{"rendered":"LA SOLIDARIDAD Y ORGANIZACI\u00d3N DETIENEN UN NUEVO DESALOJO EN EL BARRIO DE LA BOCA"},"content":{"rendered":"<p><strong>[FM Riachuelo, 04\/06\/2019]En el programa \u201cRompe el Cerco Informativo\u201d entrevistamos a Walter, Hern\u00e1n y Daniel vecinos del conventillo de Lamadrid y Ministro Brin del barrio de la Boca, que atraviesan el desalojo de su vivienda como tantos otrxs vecinxs, que no tienen acceso a una casa y sufren cotidianamente est\u00e1 situaci\u00f3n que provocan los negocios inmobiliarios respaldados por pol\u00edticas del gobierno de Macri.<\/strong><\/p>\n<p>El pasado viernes lxs vecinxs, que viven hace m\u00e1s de doce a\u00f1os en Lamadrid 181 recibieron una notificaci\u00f3n de desalojo para el d\u00eda lunes, la cual lejos de despertar angustia en las primeras horas, se convirti\u00f3 en pura solidaridad y organizaci\u00f3n del barrio, cooperativas y organizaciones para acompa\u00f1ar y resistir.<\/p>\n<p>Es por esto que en RCI estuvieron algunos de los vecinos, contando c\u00f3mo se organizan y siguen ante esta situaci\u00f3n de amenaza permanente de que lxs desalojen.<\/p>\n<p><em><strong>\u201cVinieron de la defensor\u00eda para hacer el desalojo, nos dieron una pr\u00f3rroga para unos d\u00edas, todo mentira. Vieron que est\u00e1bamos organizados y es por eso que no hicieron nada. Lo que ellos quieren es que nos relajemos y as\u00ed desalojarnos\u201d.<\/strong><\/em><\/p>\n<p>Tambi\u00e9n lxs vecinxs contaron que esta situaci\u00f3n de desalojo es com\u00fan en el barrio de La Boca, donde hay un negocio inmobiliario desde hace a\u00f1os y pone en riesgo a las familias que quedan en la calle.<\/p>\n<p><strong>Pero las familias siguen en alerta organizadas para seguir resistiendo ante el inminente desalojo.<\/strong><\/p>\n","protected":false},"excerpt":{"rendered":"<p>[FM Riachuelo, 04\/06\/2019]En el programa \u201cRompe el Cerco Informativo\u201d entrevistamos a Walter, Hern\u00e1n y Daniel vecinos del conventillo de Lamadrid y Ministro Brin del barrio de la Boca, que atraviesan el desalojo de su vivienda como tantos otrxs vecinxs, que no tienen acceso a una casa y sufren cotidianamente est\u00e1 situaci\u00f3n que provocan los negocios [&hellip;]<\/p>\n","protected":false},"author":5,"featured_media":10006,"comment_status":"open","ping_status":"open","sticky":false,"template":"","format":"standard","meta":{"_monsterinsights_skip_tracking":false,"_monsterinsights_sitenote_active":false,"_monsterinsights_sitenote_note":"","_monsterinsights_sitenote_category":0,"jnews-multi-image_gallery":[],"jnews_single_post":[],"jnews_primary_category":[],"_joinchat":[],"footnotes":""},"categories":[78,76,74],"tags":[],"class_list":["post-10005","post","type-post","status-publish","format-standard","has-post-thumbnail","hentry","category-economia-popular","category-salud-comunitaria","category-san-cayetano"],"_links":{"self":[{"href":"http:\/\/fmriachuelo.it10.com.ar\/index.php\/wp-json\/wp\/v2\/posts\/10005","targetHints":{"allow":["GET"]}}],"collection":[{"href":"http:\/\/fmriachuelo.it10.com.ar\/index.php\/wp-json\/wp\/v2\/posts"}],"about":[{"href":"http:\/\/fmriachuelo.it10.com.ar\/index.php\/wp-json\/wp\/v2\/types\/post"}],"author":[{"embeddable":true,"href":"http:\/\/fmriachuelo.it10.com.ar\/index.php\/wp-json\/wp\/v2\/users\/5"}],"replies":[{"embeddable":true,"href":"http:\/\/fmriachuelo.it10.com.ar\/index.php\/wp-json\/wp\/v2\/comments?post=10005"}],"version-history":[{"count":0,"href":"http:\/\/fmriachuelo.it10.com.ar\/index.php\/wp-json\/wp\/v2\/posts\/10005\/revisions"}],"wp:featuredmedia":[{"embeddable":true,"href":"http:\/\/fmriachuelo.it10.com.ar\/index.php\/wp-json\/"}],"wp:attachment":[{"href":"http:\/\/fmriachuelo.it10.com.ar\/index.php\/wp-json\/wp\/v2\/media?parent=10005"}],"wp:term":[{"taxonomy":"category","embeddable":true,"href":"http:\/\/fmriachuelo.it10.com.ar\/index.php\/wp-json\/wp\/v2\/categories?post=10005"},{"taxonomy":"post_tag","embeddable":true,"href":"http:\/\/fmriachuelo.it10.com.ar\/index.php\/wp-json\/wp\/v2\/tags?post=10005"}],"curies":[{"name":"wp","href":"https:\/\/api.w.org\/{rel}","templated":true}]}}