{"id":100,"date":"2015-08-27T03:00:00","date_gmt":"2015-08-27T03:00:00","guid":{"rendered":"http:\/\/fmriachuelo.observatorioess.org.ar\/index.php\/2015\/08\/27\/tucuman-resultados-de-las-elecciones\/"},"modified":"2025-05-13T15:13:47","modified_gmt":"2025-05-13T18:13:47","slug":"tucuman-resultados-de-las-elecciones","status":"publish","type":"post","link":"http:\/\/fmriachuelo.it10.com.ar\/index.php\/2015\/08\/27\/tucuman-resultados-de-las-elecciones\/","title":{"rendered":"TUCUM\u00c1N: RESULTADOS DE LAS ELECCIONES"},"content":{"rendered":"<p><span style=\"color: red;font-family: Verdana, sans-serif;font-size: large\"><b>&nbsp;INSTITUCIONALIDAD AMENAZADA<\/b><\/span><\/p>\n<div style=\"clear: both;text-align: center\"><a href=\"http:\/\/1.bp.blogspot.com\/-9u2XnI9howE\/Vd4FAoFRTkI\/AAAAAAAAGIA\/uFtolkkYpis\/s1600\/TUCUMAN.jpg\" style=\"margin-left: 1em;margin-right: 1em\"><img loading=\"lazy\" decoding=\"async\" border=\"0\" height=\"179\" src=\"http:\/\/1.bp.blogspot.com\/-9u2XnI9howE\/Vd4FAoFRTkI\/AAAAAAAAGIA\/uFtolkkYpis\/s320\/TUCUMAN.jpg\" width=\"320\" \/><\/a><\/div>\n<div style=\"text-align: justify\"><span style=\"font-family: Verdana, sans-serif\">Primeras reflexiones, muy interesantes, en un di\u00e1logo en los micr\u00f3fonos de&nbsp;<b style=\"color: red\">FM Riachuelo&nbsp;<\/b>con el Coordinador Nacional de O.S.y P. Los Pibes y Secretario de Vivienda y Habitat Popular de la CTEP,Lito Borello.&nbsp;<\/span><\/div>\n<div style=\"text-align: justify\"><span style=\"font-family: Verdana, sans-serif\">Un primer an\u00e1lisis muy interesante que nos hacen reflexionar:<\/span><\/div>\n<div style=\"text-align: justify\"><span style=\"color: red;font-family: Verdana, sans-serif;font-size: large\"><b><a href=\"https:\/\/www.mediafire.com\/folder\/dur7vze32z9sw\/20150826_LITO_BORELLO_Y_LAS_ELECCIONES_EN_TUCUM%C3%81N\" target=\"_blank\" rel=\"noopener\">ELECCIONES EN TUCUM\u00c1N: LITO BORELLO<\/a><\/b><\/span><\/div>\n<p><span style=\"font-family: Verdana, sans-serif\"><br \/><\/span><span style=\"font-family: Verdana, sans-serif\">Las elecciones de Tucum\u00e1n del \u00faltimo domingo tuvieron como consecuencia actos de distintos grados de violencia. Poner en juego la institucionalidad en una provincia en donde la represi\u00f3n policial tiene alto contenido simb\u00f3lico.&nbsp;<\/span><br \/><span style=\"font-family: Verdana, sans-serif\">\u00bfQue nos quieren presentar con la controvers\u00eda sobre sus resultados? \u00bfPorque estas elecciones terminaron de manera violenta? \u00bfPorque la institucionalidad toda se ve puesta en juego?&nbsp;<\/span><br \/><span style=\"font-family: Verdana, sans-serif\">Muchas preguntas sucitan estos resultados y las complicidades entre el poder pol\u00edtico y medi\u00e1tico cuya consecuencia es producir miedo en la poblaci\u00f3n, en la posibilidad de organizaci\u00f3n y hacernos creer en la debilidad de la democracia.<\/span><br \/><span style=\"font-family: Verdana, sans-serif\"><br \/><\/span><span style=\"font-family: Verdana, sans-serif\">Estas y otras reflexiones muy interesantes en un di\u00e1logo en los micr\u00f3fonos de <b style=\"color: red\">FM Riachuelo <\/b>con el Coordinador Nacional de O.S.y P. Los Pibes y Secretario de Vivienda y Habitat Popular de la CTEP,Lito Borello.&nbsp;<\/span><br \/><span style=\"font-family: Verdana, sans-serif\">Un primer an\u00e1lisis muy interesante que nos hacen reflexionar:<\/span><br \/><span style=\"color: red;font-family: Verdana, sans-serif;font-size: large\"><b><a href=\"https:\/\/www.mediafire.com\/folder\/dur7vze32z9sw\/20150826_LITO_BORELLO_Y_LAS_ELECCIONES_EN_TUCUM%C3%81N\" target=\"_blank\" rel=\"noopener\">ELECCIONES EN TUCUM\u00c1N: LITO BORELLO<\/a><\/b><\/span><\/p>\n","protected":false},"excerpt":{"rendered":"<p>&nbsp;INSTITUCIONALIDAD AMENAZADA Primeras reflexiones, muy interesantes, en un di\u00e1logo en los micr\u00f3fonos de&nbsp;FM Riachuelo&nbsp;con el Coordinador Nacional de O.S.y P. Los Pibes y Secretario de Vivienda y Habitat Popular de la CTEP,Lito Borello.&nbsp; Un primer an\u00e1lisis muy interesante que nos hacen reflexionar: ELECCIONES EN TUCUM\u00c1N: LITO BORELLO Las elecciones de Tucum\u00e1n del \u00faltimo domingo tuvieron [&hellip;]<\/p>\n","protected":false},"author":4,"featured_media":0,"comment_status":"open","ping_status":"open","sticky":false,"template":"","format":"standard","meta":{"_monsterinsights_skip_tracking":false,"_monsterinsights_sitenote_active":false,"_monsterinsights_sitenote_note":"","_monsterinsights_sitenote_category":0,"jnews-multi-image_gallery":[],"jnews_single_post":{"format":"standard"},"jnews_primary_category":[],"_joinchat":[],"footnotes":""},"categories":[58],"tags":[89],"class_list":["post-100","post","type-post","status-publish","format-standard","hentry","category-noticiariachuelo","tag-violencia-institucional"],"_links":{"self":[{"href":"http:\/\/fmriachuelo.it10.com.ar\/index.php\/wp-json\/wp\/v2\/posts\/100","targetHints":{"allow":["GET"]}}],"collection":[{"href":"http:\/\/fmriachuelo.it10.com.ar\/index.php\/wp-json\/wp\/v2\/posts"}],"about":[{"href":"http:\/\/fmriachuelo.it10.com.ar\/index.php\/wp-json\/wp\/v2\/types\/post"}],"author":[{"embeddable":true,"href":"http:\/\/fmriachuelo.it10.com.ar\/index.php\/wp-json\/wp\/v2\/users\/4"}],"replies":[{"embeddable":true,"href":"http:\/\/fmriachuelo.it10.com.ar\/index.php\/wp-json\/wp\/v2\/comments?post=100"}],"version-history":[{"count":1,"href":"http:\/\/fmriachuelo.it10.com.ar\/index.php\/wp-json\/wp\/v2\/posts\/100\/revisions"}],"predecessor-version":[{"id":23980,"href":"http:\/\/fmriachuelo.it10.com.ar\/index.php\/wp-json\/wp\/v2\/posts\/100\/revisions\/23980"}],"wp:attachment":[{"href":"http:\/\/fmriachuelo.it10.com.ar\/index.php\/wp-json\/wp\/v2\/media?parent=100"}],"wp:term":[{"taxonomy":"category","embeddable":true,"href":"http:\/\/fmriachuelo.it10.com.ar\/index.php\/wp-json\/wp\/v2\/categories?post=100"},{"taxonomy":"post_tag","embeddable":true,"href":"http:\/\/fmriachuelo.it10.com.ar\/index.php\/wp-json\/wp\/v2\/tags?post=100"}],"curies":[{"name":"wp","href":"https:\/\/api.w.org\/{rel}","templated":true}]}}